{"id":6481,"date":"2016-09-07T09:23:13","date_gmt":"2016-09-07T09:23:13","guid":{"rendered":"https:\/\/degertauto.web-devtesting.xyz\/inagurimi-i-dyqanit-ne-fier-viti-2016\/"},"modified":"2023-10-27T10:04:45","modified_gmt":"2023-10-27T10:04:45","slug":"eroeffnung-des-ladens-in-fier-2016","status":"publish","type":"post","link":"https:\/\/degertauto.com\/de\/eroeffnung-des-ladens-in-fier-2016\/","title":{"rendered":"Er\u00f6ffnung des Ladens in Fier, 2016"},"content":{"rendered":"<p>Durch den Wunsch, seinen Kunden so nah wie m\u00f6glich zu sein, sie in k\u00fcrzester Zeit zu beliefern und bei der Erf\u00fcllung aller Bed\u00fcrfnisse n\u00e4her bei ihnen zu sein, gelang es dem Unternehmen, sein erstes Gesch\u00e4ft im S\u00fcden Albaniens zu er\u00f6ffnen und zwar, in Fier.<\/p>\n","protected":false},"excerpt":{"rendered":"<p>Durch den Wunsch, seinen Kunden so nah wie m\u00f6glich zu sein, sie in k\u00fcrzester Zeit zu beliefern und bei der Erf\u00fcllung aller Bed\u00fcrfnisse n\u00e4her bei ihnen zu sein, gelang es dem Unternehmen, sein erstes Gesch\u00e4ft im S\u00fcden Albaniens zu er\u00f6ffnen und zwar, in Fier.<\/p>\n","protected":false},"author":1,"featured_media":4892,"comment_status":"open","ping_status":"open","sticky":false,"template":"","format":"standard","meta":{"footnotes":""},"categories":[48],"tags":[],"class_list":["post-6481","post","type-post","status-publish","format-standard","has-post-thumbnail","hentry","category-einweihungen"],"acf":[],"_links":{"self":[{"href":"https:\/\/degertauto.com\/de\/wp-json\/wp\/v2\/posts\/6481","targetHints":{"allow":["GET"]}}],"collection":[{"href":"https:\/\/degertauto.com\/de\/wp-json\/wp\/v2\/posts"}],"about":[{"href":"https:\/\/degertauto.com\/de\/wp-json\/wp\/v2\/types\/post"}],"author":[{"embeddable":true,"href":"https:\/\/degertauto.com\/de\/wp-json\/wp\/v2\/users\/1"}],"replies":[{"embeddable":true,"href":"https:\/\/degertauto.com\/de\/wp-json\/wp\/v2\/comments?post=6481"}],"version-history":[{"count":4,"href":"https:\/\/degertauto.com\/de\/wp-json\/wp\/v2\/posts\/6481\/revisions"}],"predecessor-version":[{"id":6493,"href":"https:\/\/degertauto.com\/de\/wp-json\/wp\/v2\/posts\/6481\/revisions\/6493"}],"wp:featuredmedia":[{"embeddable":true,"href":"https:\/\/degertauto.com\/de\/wp-json\/wp\/v2\/media\/4892"}],"wp:attachment":[{"href":"https:\/\/degertauto.com\/de\/wp-json\/wp\/v2\/media?parent=6481"}],"wp:term":[{"taxonomy":"category","embeddable":true,"href":"https:\/\/degertauto.com\/de\/wp-json\/wp\/v2\/categories?post=6481"},{"taxonomy":"post_tag","embeddable":true,"href":"https:\/\/degertauto.com\/de\/wp-json\/wp\/v2\/tags?post=6481"}],"curies":[{"name":"wp","href":"https:\/\/api.w.org\/{rel}","templated":true}]}}