{"id":6495,"date":"2019-09-08T07:10:50","date_gmt":"2019-09-08T07:10:50","guid":{"rendered":"https:\/\/degertauto.web-devtesting.xyz\/panairi-i-punes-2019\/"},"modified":"2023-10-27T10:09:18","modified_gmt":"2023-10-27T10:09:18","slug":"jobmesse-2019","status":"publish","type":"post","link":"https:\/\/degertauto.com\/de\/jobmesse-2019\/","title":{"rendered":"Jobmesse 2019"},"content":{"rendered":"<p><strong>Das Unternehmen \u201cDegert Auto\u201d<\/strong> nahm im Mai 2019 an der Jobmesse in Tirana teil. Eine solche Messe, die als Br\u00fccke und gute Gelegenheit diente, um offene Stellen und die Zahl der Kandidaten, die eingestellt werden m\u00f6chten, sowie der Unternehmen, die daran interessiert sind, sie zu besch\u00e4ftigen, zu f\u00f6rdern. Das bot auch die M\u00f6glichkeit der Zusammenarbeit mit anderen teilnehmenden Einrichtungen an.<\/p>\n","protected":false},"excerpt":{"rendered":"<p>Das Unternehmen \u201cDegert Auto\u201d nahm im Mai 2019 an der Jobmesse in Tirana teil. Eine solche Messe, die als Br\u00fccke und gute Gelegenheit diente, um offene Stellen und die Zahl der Kandidaten, die eingestellt werden m\u00f6chten, sowie der Unternehmen, die daran interessiert sind, sie zu besch\u00e4ftigen, zu f\u00f6rdern. Das bot auch die M\u00f6glichkeit der Zusammenarbeit [&hellip;]<\/p>\n","protected":false},"author":1,"featured_media":4180,"comment_status":"open","ping_status":"open","sticky":false,"template":"","format":"standard","meta":{"footnotes":""},"categories":[46],"tags":[],"class_list":["post-6495","post","type-post","status-publish","format-standard","has-post-thumbnail","hentry","category-teilnahme-an-messen"],"acf":[],"_links":{"self":[{"href":"https:\/\/degertauto.com\/de\/wp-json\/wp\/v2\/posts\/6495","targetHints":{"allow":["GET"]}}],"collection":[{"href":"https:\/\/degertauto.com\/de\/wp-json\/wp\/v2\/posts"}],"about":[{"href":"https:\/\/degertauto.com\/de\/wp-json\/wp\/v2\/types\/post"}],"author":[{"embeddable":true,"href":"https:\/\/degertauto.com\/de\/wp-json\/wp\/v2\/users\/1"}],"replies":[{"embeddable":true,"href":"https:\/\/degertauto.com\/de\/wp-json\/wp\/v2\/comments?post=6495"}],"version-history":[{"count":4,"href":"https:\/\/degertauto.com\/de\/wp-json\/wp\/v2\/posts\/6495\/revisions"}],"predecessor-version":[{"id":6510,"href":"https:\/\/degertauto.com\/de\/wp-json\/wp\/v2\/posts\/6495\/revisions\/6510"}],"wp:featuredmedia":[{"embeddable":true,"href":"https:\/\/degertauto.com\/de\/wp-json\/wp\/v2\/media\/4180"}],"wp:attachment":[{"href":"https:\/\/degertauto.com\/de\/wp-json\/wp\/v2\/media?parent=6495"}],"wp:term":[{"taxonomy":"category","embeddable":true,"href":"https:\/\/degertauto.com\/de\/wp-json\/wp\/v2\/categories?post=6495"},{"taxonomy":"post_tag","embeddable":true,"href":"https:\/\/degertauto.com\/de\/wp-json\/wp\/v2\/tags?post=6495"}],"curies":[{"name":"wp","href":"https:\/\/api.w.org\/{rel}","templated":true}]}}