{"id":6497,"date":"2009-09-06T08:54:07","date_gmt":"2009-09-06T08:54:07","guid":{"rendered":"https:\/\/degertauto.web-devtesting.xyz\/panairi-i-biznesit-2009\/"},"modified":"2023-10-27T10:09:46","modified_gmt":"2023-10-27T10:09:46","slug":"wirtschaftsmesse-2009","status":"publish","type":"post","link":"https:\/\/degertauto.com\/de\/wirtschaftsmesse-2009\/","title":{"rendered":"Wirtschaftsmesse 2009"},"content":{"rendered":"<p>Teilnahme von Unternehmensvertretern an der Business Fair, Tirana 2009. Eine gute Gelegenheit f\u00fcr unser Unternehmen, M\u00f6glichkeiten zu schaffen, m\u00f6glichst viele Kooperationskontakte mit einheimischen und internationalen Partnern zu generieren.<\/p>\n","protected":false},"excerpt":{"rendered":"<p>Teilnahme von Unternehmensvertretern an der Business Fair, Tirana 2009. Eine gute Gelegenheit f\u00fcr unser Unternehmen, M\u00f6glichkeiten zu schaffen, m\u00f6glichst viele Kooperationskontakte mit einheimischen und internationalen Partnern zu generieren.<\/p>\n","protected":false},"author":1,"featured_media":4736,"comment_status":"open","ping_status":"open","sticky":false,"template":"","format":"standard","meta":{"footnotes":""},"categories":[46],"tags":[],"class_list":["post-6497","post","type-post","status-publish","format-standard","has-post-thumbnail","hentry","category-teilnahme-an-messen"],"acf":[],"_links":{"self":[{"href":"https:\/\/degertauto.com\/de\/wp-json\/wp\/v2\/posts\/6497","targetHints":{"allow":["GET"]}}],"collection":[{"href":"https:\/\/degertauto.com\/de\/wp-json\/wp\/v2\/posts"}],"about":[{"href":"https:\/\/degertauto.com\/de\/wp-json\/wp\/v2\/types\/post"}],"author":[{"embeddable":true,"href":"https:\/\/degertauto.com\/de\/wp-json\/wp\/v2\/users\/1"}],"replies":[{"embeddable":true,"href":"https:\/\/degertauto.com\/de\/wp-json\/wp\/v2\/comments?post=6497"}],"version-history":[{"count":4,"href":"https:\/\/degertauto.com\/de\/wp-json\/wp\/v2\/posts\/6497\/revisions"}],"predecessor-version":[{"id":6516,"href":"https:\/\/degertauto.com\/de\/wp-json\/wp\/v2\/posts\/6497\/revisions\/6516"}],"wp:featuredmedia":[{"embeddable":true,"href":"https:\/\/degertauto.com\/de\/wp-json\/wp\/v2\/media\/4736"}],"wp:attachment":[{"href":"https:\/\/degertauto.com\/de\/wp-json\/wp\/v2\/media?parent=6497"}],"wp:term":[{"taxonomy":"category","embeddable":true,"href":"https:\/\/degertauto.com\/de\/wp-json\/wp\/v2\/categories?post=6497"},{"taxonomy":"post_tag","embeddable":true,"href":"https:\/\/degertauto.com\/de\/wp-json\/wp\/v2\/tags?post=6497"}],"curies":[{"name":"wp","href":"https:\/\/api.w.org\/{rel}","templated":true}]}}