{"id":6517,"date":"2023-10-06T13:50:31","date_gmt":"2023-10-06T13:50:31","guid":{"rendered":"https:\/\/degertauto.web-devtesting.xyz\/pjesemarrje-dhe-trajnime-tek-grupi-zf-gjermani-gusht-2023\/"},"modified":"2023-10-27T10:13:53","modified_gmt":"2023-10-27T10:13:53","slug":"teilnahme-und-schulung-im-zf-konzern-deutschland-august-2023","status":"publish","type":"post","link":"https:\/\/degertauto.com\/de\/teilnahme-und-schulung-im-zf-konzern-deutschland-august-2023\/","title":{"rendered":"Teilnahme und Schulung im ZF-Konzern, Deutschland \u2013 August 2023"},"content":{"rendered":"<p>Teilnahme von Vertriebsleitern am Standort der <b>ZF-Gruppe <\/b>in Deutschland, <b>August 2023<\/b>.<\/p>\n<p>Eine w\u00fcrdige Teilnahme, die ausschlie\u00dflich mit dem Ziel organisiert wird, den Kunden die neuesten Innovationen und Produkte im Automobilsektor, haupts\u00e4chlich des generischen Fahrzeugsystems, n\u00e4her zu bringen.<\/p>\n","protected":false},"excerpt":{"rendered":"<p>Teilnahme von Vertriebsleitern am Standort der ZF-Gruppe in Deutschland, August 2023. Eine w\u00fcrdige Teilnahme, die ausschlie\u00dflich mit dem Ziel organisiert wird, den Kunden die neuesten Innovationen und Produkte im Automobilsektor, haupts\u00e4chlich des generischen Fahrzeugsystems, n\u00e4her zu bringen.<\/p>\n","protected":false},"author":1,"featured_media":5592,"comment_status":"open","ping_status":"open","sticky":false,"template":"","format":"standard","meta":{"footnotes":""},"categories":[45],"tags":[],"class_list":["post-6517","post","type-post","status-publish","format-standard","has-post-thumbnail","hentry","category-seminare-schulungen"],"acf":[],"_links":{"self":[{"href":"https:\/\/degertauto.com\/de\/wp-json\/wp\/v2\/posts\/6517","targetHints":{"allow":["GET"]}}],"collection":[{"href":"https:\/\/degertauto.com\/de\/wp-json\/wp\/v2\/posts"}],"about":[{"href":"https:\/\/degertauto.com\/de\/wp-json\/wp\/v2\/types\/post"}],"author":[{"embeddable":true,"href":"https:\/\/degertauto.com\/de\/wp-json\/wp\/v2\/users\/1"}],"replies":[{"embeddable":true,"href":"https:\/\/degertauto.com\/de\/wp-json\/wp\/v2\/comments?post=6517"}],"version-history":[{"count":4,"href":"https:\/\/degertauto.com\/de\/wp-json\/wp\/v2\/posts\/6517\/revisions"}],"predecessor-version":[{"id":6528,"href":"https:\/\/degertauto.com\/de\/wp-json\/wp\/v2\/posts\/6517\/revisions\/6528"}],"wp:featuredmedia":[{"embeddable":true,"href":"https:\/\/degertauto.com\/de\/wp-json\/wp\/v2\/media\/5592"}],"wp:attachment":[{"href":"https:\/\/degertauto.com\/de\/wp-json\/wp\/v2\/media?parent=6517"}],"wp:term":[{"taxonomy":"category","embeddable":true,"href":"https:\/\/degertauto.com\/de\/wp-json\/wp\/v2\/categories?post=6517"},{"taxonomy":"post_tag","embeddable":true,"href":"https:\/\/degertauto.com\/de\/wp-json\/wp\/v2\/tags?post=6517"}],"curies":[{"name":"wp","href":"https:\/\/api.w.org\/{rel}","templated":true}]}}