{"id":7179,"date":"2019-09-08T07:20:44","date_gmt":"2019-09-08T07:20:44","guid":{"rendered":"https:\/\/degertauto.web-devtesting.xyz\/inagurimi-i-dyqanit-ne-korce-2019\/"},"modified":"2023-10-30T11:52:32","modified_gmt":"2023-10-30T11:52:32","slug":"inauguration-du-magasin-a-korca-2019","status":"publish","type":"post","link":"https:\/\/degertauto.com\/fr\/inauguration-du-magasin-a-korca-2019\/","title":{"rendered":"Inauguration du magasin \u00e0 Kor\u00e7a 2019"},"content":{"rendered":"<p>L\u2019ann\u00e9e 2019 marque un autre succ\u00e8s de notre soci\u00e9t\u00e9. Et cela encore avec l\u2019ouverture d\u2019un autre magasin cons\u00e9cutif, d\u00e9sormais pour r\u00e9pondre aux besoins des clients de la ville de Kor\u00e7a et de ses environs.<\/p>\n","protected":false},"excerpt":{"rendered":"<p>L\u2019ann\u00e9e 2019 marque un autre succ\u00e8s de notre soci\u00e9t\u00e9. Et cela encore avec l\u2019ouverture d\u2019un autre magasin cons\u00e9cutif, d\u00e9sormais pour r\u00e9pondre aux besoins des clients de la ville de Kor\u00e7a et de ses environs.<\/p>\n","protected":false},"author":1,"featured_media":4183,"comment_status":"open","ping_status":"open","sticky":false,"template":"","format":"standard","meta":{"footnotes":""},"categories":[55],"tags":[],"class_list":["post-7179","post","type-post","status-publish","format-standard","has-post-thumbnail","hentry","category-inaugurations-fr"],"acf":[],"_links":{"self":[{"href":"https:\/\/degertauto.com\/fr\/wp-json\/wp\/v2\/posts\/7179","targetHints":{"allow":["GET"]}}],"collection":[{"href":"https:\/\/degertauto.com\/fr\/wp-json\/wp\/v2\/posts"}],"about":[{"href":"https:\/\/degertauto.com\/fr\/wp-json\/wp\/v2\/types\/post"}],"author":[{"embeddable":true,"href":"https:\/\/degertauto.com\/fr\/wp-json\/wp\/v2\/users\/1"}],"replies":[{"embeddable":true,"href":"https:\/\/degertauto.com\/fr\/wp-json\/wp\/v2\/comments?post=7179"}],"version-history":[{"count":4,"href":"https:\/\/degertauto.com\/fr\/wp-json\/wp\/v2\/posts\/7179\/revisions"}],"predecessor-version":[{"id":7188,"href":"https:\/\/degertauto.com\/fr\/wp-json\/wp\/v2\/posts\/7179\/revisions\/7188"}],"wp:featuredmedia":[{"embeddable":true,"href":"https:\/\/degertauto.com\/fr\/wp-json\/wp\/v2\/media\/4183"}],"wp:attachment":[{"href":"https:\/\/degertauto.com\/fr\/wp-json\/wp\/v2\/media?parent=7179"}],"wp:term":[{"taxonomy":"category","embeddable":true,"href":"https:\/\/degertauto.com\/fr\/wp-json\/wp\/v2\/categories?post=7179"},{"taxonomy":"post_tag","embeddable":true,"href":"https:\/\/degertauto.com\/fr\/wp-json\/wp\/v2\/tags?post=7179"}],"curies":[{"name":"wp","href":"https:\/\/api.w.org\/{rel}","templated":true}]}}