{"id":7181,"date":"2016-09-07T09:23:13","date_gmt":"2016-09-07T09:23:13","guid":{"rendered":"https:\/\/degertauto.web-devtesting.xyz\/inagurimi-i-dyqanit-ne-fier-viti-2016\/"},"modified":"2023-10-30T11:53:05","modified_gmt":"2023-10-30T11:53:05","slug":"inauguration-du-magasin-a-fier-annee-2016","status":"publish","type":"post","link":"https:\/\/degertauto.com\/fr\/inauguration-du-magasin-a-fier-annee-2016\/","title":{"rendered":"Inauguration du magasin \u00e0 Fier, ann\u00e9e 2016"},"content":{"rendered":"<p>La soci\u00e9t\u00e9, gr\u00e2ce au d\u00e9sir d\u2019\u00eatre le plus proche possible de ses clients, de les approvisionner dans les plus brefs d\u00e9lais et d\u2019\u00eatre plus proche d\u2019eux pour toute satisfaction des besoins, a r\u00e9ussi \u00e0 ouvrir son premier magasin dans la zone sud de l\u2019Albanie, pr\u00e9cis\u00e9ment \u00e0 Fier.<\/p>\n","protected":false},"excerpt":{"rendered":"<p>La soci\u00e9t\u00e9, gr\u00e2ce au d\u00e9sir d\u2019\u00eatre le plus proche possible de ses clients, de les approvisionner dans les plus brefs d\u00e9lais et d\u2019\u00eatre plus proche d\u2019eux pour toute satisfaction des besoins, a r\u00e9ussi \u00e0 ouvrir son premier magasin dans la zone sud de l\u2019Albanie, pr\u00e9cis\u00e9ment \u00e0 Fier.<\/p>\n","protected":false},"author":1,"featured_media":4891,"comment_status":"open","ping_status":"open","sticky":false,"template":"","format":"standard","meta":{"footnotes":""},"categories":[55],"tags":[],"class_list":["post-7181","post","type-post","status-publish","format-standard","has-post-thumbnail","hentry","category-inaugurations-fr"],"acf":[],"_links":{"self":[{"href":"https:\/\/degertauto.com\/fr\/wp-json\/wp\/v2\/posts\/7181","targetHints":{"allow":["GET"]}}],"collection":[{"href":"https:\/\/degertauto.com\/fr\/wp-json\/wp\/v2\/posts"}],"about":[{"href":"https:\/\/degertauto.com\/fr\/wp-json\/wp\/v2\/types\/post"}],"author":[{"embeddable":true,"href":"https:\/\/degertauto.com\/fr\/wp-json\/wp\/v2\/users\/1"}],"replies":[{"embeddable":true,"href":"https:\/\/degertauto.com\/fr\/wp-json\/wp\/v2\/comments?post=7181"}],"version-history":[{"count":4,"href":"https:\/\/degertauto.com\/fr\/wp-json\/wp\/v2\/posts\/7181\/revisions"}],"predecessor-version":[{"id":7194,"href":"https:\/\/degertauto.com\/fr\/wp-json\/wp\/v2\/posts\/7181\/revisions\/7194"}],"wp:featuredmedia":[{"embeddable":true,"href":"https:\/\/degertauto.com\/fr\/wp-json\/wp\/v2\/media\/4891"}],"wp:attachment":[{"href":"https:\/\/degertauto.com\/fr\/wp-json\/wp\/v2\/media?parent=7181"}],"wp:term":[{"taxonomy":"category","embeddable":true,"href":"https:\/\/degertauto.com\/fr\/wp-json\/wp\/v2\/categories?post=7181"},{"taxonomy":"post_tag","embeddable":true,"href":"https:\/\/degertauto.com\/fr\/wp-json\/wp\/v2\/tags?post=7181"}],"curies":[{"name":"wp","href":"https:\/\/api.w.org\/{rel}","templated":true}]}}