{"id":7196,"date":"2019-09-08T07:30:00","date_gmt":"2019-09-08T07:30:00","guid":{"rendered":"https:\/\/degertauto.web-devtesting.xyz\/panari-i-biznesit-2019\/"},"modified":"2023-10-30T11:57:38","modified_gmt":"2023-10-30T11:57:38","slug":"foire-des-affaires-2019","status":"publish","type":"post","link":"https:\/\/degertauto.com\/fr\/foire-des-affaires-2019\/","title":{"rendered":"Foire des Affaires 2019"},"content":{"rendered":"<p>La soci\u00e9t\u00e9 <b>Degert Auto<\/b> a particip\u00e9 au Foire des Affaires (Foire Internationale de Tirana) 2019, organis\u00e9 au Palais des Congr\u00e8s, Un \u00e9v\u00e9nement qui sert d\u2019atelier de communication et de relations commerciales entre les entreprises albanaises et les entreprises du monde entier.<\/p>\n","protected":false},"excerpt":{"rendered":"<p>La soci\u00e9t\u00e9 Degert Auto a particip\u00e9 au Foire des Affaires (Foire Internationale de Tirana) 2019, organis\u00e9 au Palais des Congr\u00e8s, Un \u00e9v\u00e9nement qui sert d\u2019atelier de communication et de relations commerciales entre les entreprises albanaises et les entreprises du monde entier.<\/p>\n","protected":false},"author":1,"featured_media":4531,"comment_status":"open","ping_status":"open","sticky":false,"template":"","format":"standard","meta":{"footnotes":""},"categories":[56],"tags":[],"class_list":["post-7196","post","type-post","status-publish","format-standard","has-post-thumbnail","hentry","category-participation-a-des-foires"],"acf":[],"_links":{"self":[{"href":"https:\/\/degertauto.com\/fr\/wp-json\/wp\/v2\/posts\/7196","targetHints":{"allow":["GET"]}}],"collection":[{"href":"https:\/\/degertauto.com\/fr\/wp-json\/wp\/v2\/posts"}],"about":[{"href":"https:\/\/degertauto.com\/fr\/wp-json\/wp\/v2\/types\/post"}],"author":[{"embeddable":true,"href":"https:\/\/degertauto.com\/fr\/wp-json\/wp\/v2\/users\/1"}],"replies":[{"embeddable":true,"href":"https:\/\/degertauto.com\/fr\/wp-json\/wp\/v2\/comments?post=7196"}],"version-history":[{"count":4,"href":"https:\/\/degertauto.com\/fr\/wp-json\/wp\/v2\/posts\/7196\/revisions"}],"predecessor-version":[{"id":7206,"href":"https:\/\/degertauto.com\/fr\/wp-json\/wp\/v2\/posts\/7196\/revisions\/7206"}],"wp:featuredmedia":[{"embeddable":true,"href":"https:\/\/degertauto.com\/fr\/wp-json\/wp\/v2\/media\/4531"}],"wp:attachment":[{"href":"https:\/\/degertauto.com\/fr\/wp-json\/wp\/v2\/media?parent=7196"}],"wp:term":[{"taxonomy":"category","embeddable":true,"href":"https:\/\/degertauto.com\/fr\/wp-json\/wp\/v2\/categories?post=7196"},{"taxonomy":"post_tag","embeddable":true,"href":"https:\/\/degertauto.com\/fr\/wp-json\/wp\/v2\/tags?post=7196"}],"curies":[{"name":"wp","href":"https:\/\/api.w.org\/{rel}","templated":true}]}}