{"id":7197,"date":"2019-09-08T07:10:50","date_gmt":"2019-09-08T07:10:50","guid":{"rendered":"https:\/\/degertauto.web-devtesting.xyz\/panairi-i-punes-2019\/"},"modified":"2023-10-30T11:57:46","modified_gmt":"2023-10-30T11:57:46","slug":"foire-de-lemploi-2019","status":"publish","type":"post","link":"https:\/\/degertauto.com\/fr\/foire-de-lemploi-2019\/","title":{"rendered":"Foire de l\u2019Emploi 2019"},"content":{"rendered":"<p><b>La soci\u00e9t\u00e9 Degert Auto<\/b> a particip\u00e9 au Foire de l\u2019Emploi organis\u00e9 \u00e0 Tirana en mai 2019. Un tel Foire a servi de pont et de bonne opportunit\u00e9 pour promouvoir les offres d\u2019emploi ainsi que le num\u00e9ro de candidats qui souhaitent \u00eatre employ\u00e9s ainsi que les entit\u00e9s int\u00e9ress\u00e9es en leur emploi. Possibilit\u00e9 de collaboration avec d\u2019autres entit\u00e9s participantes.<\/p>\n","protected":false},"excerpt":{"rendered":"<p>La soci\u00e9t\u00e9 Degert Auto a particip\u00e9 au Foire de l\u2019Emploi organis\u00e9 \u00e0 Tirana en mai 2019. Un tel Foire a servi de pont et de bonne opportunit\u00e9 pour promouvoir les offres d\u2019emploi ainsi que le num\u00e9ro de candidats qui souhaitent \u00eatre employ\u00e9s ainsi que les entit\u00e9s int\u00e9ress\u00e9es en leur emploi. Possibilit\u00e9 de collaboration avec d\u2019autres [&hellip;]<\/p>\n","protected":false},"author":1,"featured_media":4179,"comment_status":"open","ping_status":"open","sticky":false,"template":"","format":"standard","meta":{"footnotes":""},"categories":[56],"tags":[],"class_list":["post-7197","post","type-post","status-publish","format-standard","has-post-thumbnail","hentry","category-participation-a-des-foires"],"acf":[],"_links":{"self":[{"href":"https:\/\/degertauto.com\/fr\/wp-json\/wp\/v2\/posts\/7197","targetHints":{"allow":["GET"]}}],"collection":[{"href":"https:\/\/degertauto.com\/fr\/wp-json\/wp\/v2\/posts"}],"about":[{"href":"https:\/\/degertauto.com\/fr\/wp-json\/wp\/v2\/types\/post"}],"author":[{"embeddable":true,"href":"https:\/\/degertauto.com\/fr\/wp-json\/wp\/v2\/users\/1"}],"replies":[{"embeddable":true,"href":"https:\/\/degertauto.com\/fr\/wp-json\/wp\/v2\/comments?post=7197"}],"version-history":[{"count":4,"href":"https:\/\/degertauto.com\/fr\/wp-json\/wp\/v2\/posts\/7197\/revisions"}],"predecessor-version":[{"id":7209,"href":"https:\/\/degertauto.com\/fr\/wp-json\/wp\/v2\/posts\/7197\/revisions\/7209"}],"wp:featuredmedia":[{"embeddable":true,"href":"https:\/\/degertauto.com\/fr\/wp-json\/wp\/v2\/media\/4179"}],"wp:attachment":[{"href":"https:\/\/degertauto.com\/fr\/wp-json\/wp\/v2\/media?parent=7197"}],"wp:term":[{"taxonomy":"category","embeddable":true,"href":"https:\/\/degertauto.com\/fr\/wp-json\/wp\/v2\/categories?post=7197"},{"taxonomy":"post_tag","embeddable":true,"href":"https:\/\/degertauto.com\/fr\/wp-json\/wp\/v2\/tags?post=7197"}],"curies":[{"name":"wp","href":"https:\/\/api.w.org\/{rel}","templated":true}]}}