{"id":7199,"date":"2009-09-06T08:54:07","date_gmt":"2009-09-06T08:54:07","guid":{"rendered":"https:\/\/degertauto.web-devtesting.xyz\/panairi-i-biznesit-2009\/"},"modified":"2023-10-30T11:58:02","modified_gmt":"2023-10-30T11:58:02","slug":"foire-des-affaires-2009","status":"publish","type":"post","link":"https:\/\/degertauto.com\/fr\/foire-des-affaires-2009\/","title":{"rendered":"Foire des Affaires 2009"},"content":{"rendered":"<p>Participation des repr\u00e9sentants de la soci\u00e9t\u00e9 au <b>Foire des Affaires<\/b>, <b>Tirana 2009<\/b>. Une bonne opportunit\u00e9 pour notre soci\u00e9t\u00e9 de cr\u00e9er des opportunit\u00e9s pour g\u00e9n\u00e9rer autant de contacts de collaboration que possible avec des partenaires locaux et internationaux.<\/p>\n","protected":false},"excerpt":{"rendered":"<p>Participation des repr\u00e9sentants de la soci\u00e9t\u00e9 au Foire des Affaires, Tirana 2009. Une bonne opportunit\u00e9 pour notre soci\u00e9t\u00e9 de cr\u00e9er des opportunit\u00e9s pour g\u00e9n\u00e9rer autant de contacts de collaboration que possible avec des partenaires locaux et internationaux.<\/p>\n","protected":false},"author":1,"featured_media":4735,"comment_status":"open","ping_status":"open","sticky":false,"template":"","format":"standard","meta":{"footnotes":""},"categories":[56],"tags":[],"class_list":["post-7199","post","type-post","status-publish","format-standard","has-post-thumbnail","hentry","category-participation-a-des-foires"],"acf":[],"_links":{"self":[{"href":"https:\/\/degertauto.com\/fr\/wp-json\/wp\/v2\/posts\/7199","targetHints":{"allow":["GET"]}}],"collection":[{"href":"https:\/\/degertauto.com\/fr\/wp-json\/wp\/v2\/posts"}],"about":[{"href":"https:\/\/degertauto.com\/fr\/wp-json\/wp\/v2\/types\/post"}],"author":[{"embeddable":true,"href":"https:\/\/degertauto.com\/fr\/wp-json\/wp\/v2\/users\/1"}],"replies":[{"embeddable":true,"href":"https:\/\/degertauto.com\/fr\/wp-json\/wp\/v2\/comments?post=7199"}],"version-history":[{"count":4,"href":"https:\/\/degertauto.com\/fr\/wp-json\/wp\/v2\/posts\/7199\/revisions"}],"predecessor-version":[{"id":7215,"href":"https:\/\/degertauto.com\/fr\/wp-json\/wp\/v2\/posts\/7199\/revisions\/7215"}],"wp:featuredmedia":[{"embeddable":true,"href":"https:\/\/degertauto.com\/fr\/wp-json\/wp\/v2\/media\/4735"}],"wp:attachment":[{"href":"https:\/\/degertauto.com\/fr\/wp-json\/wp\/v2\/media?parent=7199"}],"wp:term":[{"taxonomy":"category","embeddable":true,"href":"https:\/\/degertauto.com\/fr\/wp-json\/wp\/v2\/categories?post=7199"},{"taxonomy":"post_tag","embeddable":true,"href":"https:\/\/degertauto.com\/fr\/wp-json\/wp\/v2\/tags?post=7199"}],"curies":[{"name":"wp","href":"https:\/\/api.w.org\/{rel}","templated":true}]}}