{"id":8387,"date":"2023-12-13T09:32:24","date_gmt":"2023-12-13T09:32:24","guid":{"rendered":"https:\/\/degertauto.web-devtesting.xyz\/participation-and-training-at-corteco-germany-october-2023\/"},"modified":"2023-12-13T09:37:46","modified_gmt":"2023-12-13T09:37:46","slug":"participation-et-formation-au-corteco-allemagne-octobre-2023","status":"publish","type":"post","link":"https:\/\/degertauto.com\/fr\/participation-et-formation-au-corteco-allemagne-octobre-2023\/","title":{"rendered":"Participation et Formation au Corteco, Allemagne \u2013 Octobre 2023"},"content":{"rendered":"<p>Participation des Directeurs des Ventes dans les locaux de <strong>Corteco<\/strong>, situ\u00e9s en Allemagne, <strong>Octobre 2023<\/strong>. Une participation digne, organis\u00e9e dans le seul but de rapprocher des clients les derni\u00e8res innovations et produits du secteur automobile.<\/p>\n","protected":false},"excerpt":{"rendered":"<p>Participation des Directeurs des Ventes dans les locaux de Corteco, situ\u00e9s en Allemagne, Octobre 2023. Une participation digne, organis\u00e9e dans le seul but de rapprocher des clients les derni\u00e8res innovations et produits du secteur automobile.<\/p>\n","protected":false},"author":1,"featured_media":8346,"comment_status":"open","ping_status":"open","sticky":false,"template":"","format":"standard","meta":{"footnotes":""},"categories":[57],"tags":[],"class_list":["post-8387","post","type-post","status-publish","format-standard","has-post-thumbnail","hentry","category-seminaires-et-formations"],"acf":[],"_links":{"self":[{"href":"https:\/\/degertauto.com\/fr\/wp-json\/wp\/v2\/posts\/8387","targetHints":{"allow":["GET"]}}],"collection":[{"href":"https:\/\/degertauto.com\/fr\/wp-json\/wp\/v2\/posts"}],"about":[{"href":"https:\/\/degertauto.com\/fr\/wp-json\/wp\/v2\/types\/post"}],"author":[{"embeddable":true,"href":"https:\/\/degertauto.com\/fr\/wp-json\/wp\/v2\/users\/1"}],"replies":[{"embeddable":true,"href":"https:\/\/degertauto.com\/fr\/wp-json\/wp\/v2\/comments?post=8387"}],"version-history":[{"count":2,"href":"https:\/\/degertauto.com\/fr\/wp-json\/wp\/v2\/posts\/8387\/revisions"}],"predecessor-version":[{"id":8390,"href":"https:\/\/degertauto.com\/fr\/wp-json\/wp\/v2\/posts\/8387\/revisions\/8390"}],"wp:featuredmedia":[{"embeddable":true,"href":"https:\/\/degertauto.com\/fr\/wp-json\/wp\/v2\/media\/8346"}],"wp:attachment":[{"href":"https:\/\/degertauto.com\/fr\/wp-json\/wp\/v2\/media?parent=8387"}],"wp:term":[{"taxonomy":"category","embeddable":true,"href":"https:\/\/degertauto.com\/fr\/wp-json\/wp\/v2\/categories?post=8387"},{"taxonomy":"post_tag","embeddable":true,"href":"https:\/\/degertauto.com\/fr\/wp-json\/wp\/v2\/tags?post=8387"}],"curies":[{"name":"wp","href":"https:\/\/api.w.org\/{rel}","templated":true}]}}