{"id":6984,"date":"2016-09-07T09:23:13","date_gmt":"2016-09-07T09:23:13","guid":{"rendered":"https:\/\/degertauto.web-devtesting.xyz\/inagurimi-i-dyqanit-ne-fier-viti-2016\/"},"modified":"2023-10-30T09:58:13","modified_gmt":"2023-10-30T09:58:13","slug":"inaugurazione-del-negozio-a-fier-lanno-2016","status":"publish","type":"post","link":"https:\/\/degertauto.com\/it\/inaugurazione-del-negozio-a-fier-lanno-2016\/","title":{"rendered":"Inaugurazione del negozio a Fier, l\u2019anno 2016"},"content":{"rendered":"\r\n<p>L\u2019azienda attraverso il desiderio di essere la pi\u00f9 vicina possibile ai propri clienti, di rifornirli nel pi\u00f9 breve tempo possibile nonch\u00e9 di essere pi\u00f9 vicina a loro per qualsiasi soddisfazione delle loro bisogni, \u00e8 riuscita ad aprire il suo primo negozio nella zona meridionale dell\u2019Albania, precisamente a Fier.<\/p>\r\n","protected":false},"excerpt":{"rendered":"<p>L\u2019azienda attraverso il desiderio di essere la pi\u00f9 vicina possibile ai propri clienti, di rifornirli nel pi\u00f9 breve tempo possibile nonch\u00e9 di essere pi\u00f9 vicina a loro per qualsiasi soddisfazione delle loro bisogni, \u00e8 riuscita ad aprire il suo primo negozio nella zona meridionale dell\u2019Albania, precisamente a Fier.<\/p>\n","protected":false},"author":1,"featured_media":4893,"comment_status":"open","ping_status":"open","sticky":false,"template":"","format":"standard","meta":{"footnotes":""},"categories":[51],"tags":[],"class_list":["post-6984","post","type-post","status-publish","format-standard","has-post-thumbnail","hentry","category-inaugurazioni"],"acf":[],"_links":{"self":[{"href":"https:\/\/degertauto.com\/it\/wp-json\/wp\/v2\/posts\/6984","targetHints":{"allow":["GET"]}}],"collection":[{"href":"https:\/\/degertauto.com\/it\/wp-json\/wp\/v2\/posts"}],"about":[{"href":"https:\/\/degertauto.com\/it\/wp-json\/wp\/v2\/types\/post"}],"author":[{"embeddable":true,"href":"https:\/\/degertauto.com\/it\/wp-json\/wp\/v2\/users\/1"}],"replies":[{"embeddable":true,"href":"https:\/\/degertauto.com\/it\/wp-json\/wp\/v2\/comments?post=6984"}],"version-history":[{"count":1,"href":"https:\/\/degertauto.com\/it\/wp-json\/wp\/v2\/posts\/6984\/revisions"}],"predecessor-version":[{"id":6988,"href":"https:\/\/degertauto.com\/it\/wp-json\/wp\/v2\/posts\/6984\/revisions\/6988"}],"wp:featuredmedia":[{"embeddable":true,"href":"https:\/\/degertauto.com\/it\/wp-json\/wp\/v2\/media\/4893"}],"wp:attachment":[{"href":"https:\/\/degertauto.com\/it\/wp-json\/wp\/v2\/media?parent=6984"}],"wp:term":[{"taxonomy":"category","embeddable":true,"href":"https:\/\/degertauto.com\/it\/wp-json\/wp\/v2\/categories?post=6984"},{"taxonomy":"post_tag","embeddable":true,"href":"https:\/\/degertauto.com\/it\/wp-json\/wp\/v2\/tags?post=6984"}],"curies":[{"name":"wp","href":"https:\/\/api.w.org\/{rel}","templated":true}]}}