{"id":6990,"date":"2019-09-08T07:10:50","date_gmt":"2019-09-08T07:10:50","guid":{"rendered":"https:\/\/degertauto.web-devtesting.xyz\/panairi-i-punes-2019\/"},"modified":"2023-10-30T10:01:21","modified_gmt":"2023-10-30T10:01:21","slug":"fiera-del-lavoro-2019","status":"publish","type":"post","link":"https:\/\/degertauto.com\/it\/fiera-del-lavoro-2019\/","title":{"rendered":"Fiera del Lavoro 2019"},"content":{"rendered":"\r\n<p><strong>L\u2019azienda Degert Auto ha partecipato alla Fiera del Lavoro organizzata a Tirana, nel maggio 2019. Tale Fiera \u00e8 servita da ponte e da una buona opportunit\u00e0 per promuovere posti di lavoro vacanti cos\u00ec come il numero di candidati che desiderano essere assunti e le entit\u00e0 interessate nell\u2019impiegarli. Possibilit\u00e0 di collaborazione con altri enti partecipanti.<\/p>\r\n","protected":false},"excerpt":{"rendered":"<p>L\u2019azienda Degert Auto ha partecipato alla Fiera del Lavoro organizzata a Tirana, nel maggio 2019. Tale Fiera \u00e8 servita da ponte e da una buona opportunit\u00e0 per promuovere posti di lavoro vacanti cos\u00ec come il numero di candidati che desiderano essere assunti e le entit\u00e0 interessate nell\u2019impiegarli. Possibilit\u00e0 di collaborazione con altri enti partecipanti.<\/p>\n","protected":false},"author":1,"featured_media":4181,"comment_status":"open","ping_status":"open","sticky":false,"template":"","format":"standard","meta":{"footnotes":""},"categories":[52],"tags":[],"class_list":["post-6990","post","type-post","status-publish","format-standard","has-post-thumbnail","hentry","category-partecipazione-a-fiere"],"acf":[],"_links":{"self":[{"href":"https:\/\/degertauto.com\/it\/wp-json\/wp\/v2\/posts\/6990","targetHints":{"allow":["GET"]}}],"collection":[{"href":"https:\/\/degertauto.com\/it\/wp-json\/wp\/v2\/posts"}],"about":[{"href":"https:\/\/degertauto.com\/it\/wp-json\/wp\/v2\/types\/post"}],"author":[{"embeddable":true,"href":"https:\/\/degertauto.com\/it\/wp-json\/wp\/v2\/users\/1"}],"replies":[{"embeddable":true,"href":"https:\/\/degertauto.com\/it\/wp-json\/wp\/v2\/comments?post=6990"}],"version-history":[{"count":1,"href":"https:\/\/degertauto.com\/it\/wp-json\/wp\/v2\/posts\/6990\/revisions"}],"predecessor-version":[{"id":6996,"href":"https:\/\/degertauto.com\/it\/wp-json\/wp\/v2\/posts\/6990\/revisions\/6996"}],"wp:featuredmedia":[{"embeddable":true,"href":"https:\/\/degertauto.com\/it\/wp-json\/wp\/v2\/media\/4181"}],"wp:attachment":[{"href":"https:\/\/degertauto.com\/it\/wp-json\/wp\/v2\/media?parent=6990"}],"wp:term":[{"taxonomy":"category","embeddable":true,"href":"https:\/\/degertauto.com\/it\/wp-json\/wp\/v2\/categories?post=6990"},{"taxonomy":"post_tag","embeddable":true,"href":"https:\/\/degertauto.com\/it\/wp-json\/wp\/v2\/tags?post=6990"}],"curies":[{"name":"wp","href":"https:\/\/api.w.org\/{rel}","templated":true}]}}